{"id":456,"date":"2018-02-27T19:00:00","date_gmt":"2018-02-27T19:00:00","guid":{"rendered":"https:\/\/gpstartersites.com\/artisan\/?p=456"},"modified":"2020-08-03T00:28:45","modified_gmt":"2020-08-03T00:28:45","slug":"aicuna-turismo-rural","status":"publish","type":"post","link":"https:\/\/esenciar.com.ar\/en\/aicuna-turismo-rural\/","title":{"rendered":"\u201cLa Rioja: EsenciAr Sustainable Ecotourism Aicu\u00f1a Rural Community Tourism\u201d"},"content":{"rendered":"<div data-elementor-type=\"wp-post\" data-elementor-id=\"456\" class=\"elementor elementor-456\">\n\t\t\t\t\t\t<div class=\"elementor-inner\">\n\t\t\t\t<div class=\"elementor-section-wrap\">\n\t\t\t\t\t\t\t\t\t<section class=\"elementor-section elementor-top-section elementor-element elementor-element-4389ecb elementor-section-boxed elementor-section-height-default elementor-section-height-default\" data-id=\"4389ecb\" data-element_type=\"section\">\n\t\t\t\t\t\t<div class=\"elementor-container elementor-column-gap-default\">\n\t\t\t\t\t\t\t<div class=\"elementor-row\">\n\t\t\t\t\t<div class=\"elementor-column elementor-col-100 elementor-top-column elementor-element elementor-element-61e61f2\" data-id=\"61e61f2\" data-element_type=\"column\">\n\t\t\t<div class=\"elementor-column-wrap elementor-element-populated\">\n\t\t\t\t\t\t\t<div class=\"elementor-widget-wrap\">\n\t\t\t\t\t\t<div class=\"elementor-element elementor-element-c2d0525 elementor-widget elementor-widget-text-editor\" data-id=\"c2d0525\" data-element_type=\"widget\" data-widget_type=\"text-editor.default\">\n\t\t\t\t<div class=\"elementor-widget-container\">\n\t\t\t\t\t\t\t\t<div class=\"elementor-text-editor elementor-clearfix\">\n\t\t\t\t<p>Aicu\u00f1a is a beautiful town in La Rioja, where we discover a rural community whose work is viticulture, the elaboration of exquisite candied nuts and beautiful crafts. You will live beautiful experiences sharing experiential workshops with them.<\/p>\t\t\t\t\t<\/div>\n\t\t\t\t\t\t<\/div>\n\t\t\t\t<\/div>\n\t\t\t\t<div class=\"elementor-element elementor-element-c03d71c elementor-arrows-position-inside elementor-pagination-position-outside elementor-widget elementor-widget-image-carousel\" data-id=\"c03d71c\" data-element_type=\"widget\" data-settings=\"{&quot;slides_to_show&quot;:&quot;2&quot;,&quot;navigation&quot;:&quot;both&quot;,&quot;autoplay&quot;:&quot;yes&quot;,&quot;pause_on_hover&quot;:&quot;yes&quot;,&quot;pause_on_interaction&quot;:&quot;yes&quot;,&quot;autoplay_speed&quot;:5000,&quot;infinite&quot;:&quot;yes&quot;,&quot;speed&quot;:500}\" data-widget_type=\"image-carousel.default\">\n\t\t\t\t<div class=\"elementor-widget-container\">\n\t\t\t\t\t<div class=\"elementor-image-carousel-wrapper swiper-container\" dir=\"ltr\">\n\t\t\t<div class=\"elementor-image-carousel swiper-wrapper\">\n\t\t\t\t\t\t\t\t<div class=\"swiper-slide\"><a data-elementor-open-lightbox=\"yes\" data-elementor-lightbox-slideshow=\"c03d71c\" data-elementor-lightbox-title=\"foto1\" e-action-hash=\"#elementor-action%3Aaction%3Dlightbox%26settings%3DeyJpZCI6MTA5MiwidXJsIjoiaHR0cHM6XC9cL2VzZW5jaWFyLmNvbS5hclwvd3AtY29udGVudFwvdXBsb2Fkc1wvMjAyMFwvMDFcL2ZvdG8xLTUuanBnIiwic2xpZGVzaG93IjoiYzAzZDcxYyJ9\" href=\"https:\/\/esenciar.com.ar\/wp-content\/uploads\/2020\/01\/foto1-5.jpg\"><figure class=\"swiper-slide-inner\"><img class=\"swiper-slide-image\" src=\"https:\/\/esenciar.com.ar\/wp-content\/uploads\/2020\/01\/foto1-5-1024x732.jpg\" alt=\"Artesan\u00edas\" \/><\/figure><\/a><\/div><div class=\"swiper-slide\"><a data-elementor-open-lightbox=\"yes\" data-elementor-lightbox-slideshow=\"c03d71c\" data-elementor-lightbox-title=\"foto2\" e-action-hash=\"#elementor-action%3Aaction%3Dlightbox%26settings%3DeyJpZCI6MTA5MywidXJsIjoiaHR0cHM6XC9cL2VzZW5jaWFyLmNvbS5hclwvd3AtY29udGVudFwvdXBsb2Fkc1wvMjAyMFwvMDFcL2ZvdG8yLTUuanBnIiwic2xpZGVzaG93IjoiYzAzZDcxYyJ9\" href=\"https:\/\/esenciar.com.ar\/wp-content\/uploads\/2020\/01\/foto2-5.jpg\"><figure class=\"swiper-slide-inner\"><img class=\"swiper-slide-image\" src=\"https:\/\/esenciar.com.ar\/wp-content\/uploads\/2020\/01\/foto2-5-1024x732.jpg\" alt=\"Artesan\u00edas\" \/><\/figure><\/a><\/div><div class=\"swiper-slide\"><a data-elementor-open-lightbox=\"yes\" data-elementor-lightbox-slideshow=\"c03d71c\" data-elementor-lightbox-title=\"foto3\" e-action-hash=\"#elementor-action%3Aaction%3Dlightbox%26settings%3DeyJpZCI6MTA5NCwidXJsIjoiaHR0cHM6XC9cL2VzZW5jaWFyLmNvbS5hclwvd3AtY29udGVudFwvdXBsb2Fkc1wvMjAyMFwvMDFcL2ZvdG8zLTUuanBnIiwic2xpZGVzaG93IjoiYzAzZDcxYyJ9\" href=\"https:\/\/esenciar.com.ar\/wp-content\/uploads\/2020\/01\/foto3-5.jpg\"><figure class=\"swiper-slide-inner\"><img class=\"swiper-slide-image\" src=\"https:\/\/esenciar.com.ar\/wp-content\/uploads\/2020\/01\/foto3-5-1024x732.jpg\" alt=\"Vino\" \/><\/figure><\/a><\/div><div class=\"swiper-slide\"><a data-elementor-open-lightbox=\"yes\" data-elementor-lightbox-slideshow=\"c03d71c\" data-elementor-lightbox-title=\"foto4\" e-action-hash=\"#elementor-action%3Aaction%3Dlightbox%26settings%3DeyJpZCI6MTA5NSwidXJsIjoiaHR0cHM6XC9cL2VzZW5jaWFyLmNvbS5hclwvd3AtY29udGVudFwvdXBsb2Fkc1wvMjAyMFwvMDFcL2ZvdG80LTQuanBnIiwic2xpZGVzaG93IjoiYzAzZDcxYyJ9\" href=\"https:\/\/esenciar.com.ar\/wp-content\/uploads\/2020\/01\/foto4-4.jpg\"><figure class=\"swiper-slide-inner\"><img class=\"swiper-slide-image\" src=\"https:\/\/esenciar.com.ar\/wp-content\/uploads\/2020\/01\/foto4-4-1024x732.jpg\" alt=\"Virgen\" \/><\/figure><\/a><\/div><div class=\"swiper-slide\"><a data-elementor-open-lightbox=\"yes\" data-elementor-lightbox-slideshow=\"c03d71c\" data-elementor-lightbox-title=\"foto5\" e-action-hash=\"#elementor-action%3Aaction%3Dlightbox%26settings%3DeyJpZCI6MTA5NiwidXJsIjoiaHR0cHM6XC9cL2VzZW5jaWFyLmNvbS5hclwvd3AtY29udGVudFwvdXBsb2Fkc1wvMjAyMFwvMDFcL2ZvdG81LTQuanBnIiwic2xpZGVzaG93IjoiYzAzZDcxYyJ9\" href=\"https:\/\/esenciar.com.ar\/wp-content\/uploads\/2020\/01\/foto5-4.jpg\"><figure class=\"swiper-slide-inner\"><img class=\"swiper-slide-image\" src=\"https:\/\/esenciar.com.ar\/wp-content\/uploads\/2020\/01\/foto5-4-1024x732.jpg\" alt=\"Vinos\" \/><\/figure><\/a><\/div>\t\t\t<\/div>\n\t\t\t\t\t\t\t\t\t\t\t\t<div class=\"swiper-pagination\"><\/div>\n\t\t\t\t\t\t\t\t\t\t\t\t\t<div class=\"elementor-swiper-button elementor-swiper-button-prev\">\n\t\t\t\t\t\t<i aria-hidden=\"true\" class=\"eicon-chevron-left\"><\/i>\t\t\t\t\t\t<span class=\"elementor-screen-only\">Previous<\/span>\n\t\t\t\t\t<\/div>\n\t\t\t\t\t<div class=\"elementor-swiper-button elementor-swiper-button-next\">\n\t\t\t\t\t\t<i aria-hidden=\"true\" class=\"eicon-chevron-right\"><\/i>\t\t\t\t\t\t<span class=\"elementor-screen-only\">Next<\/span>\n\t\t\t\t\t<\/div>\n\t\t\t\t\t\t\t\t\t<\/div>\n\t\t\t\t<\/div>\n\t\t\t\t<\/div>\n\t\t\t\t\t\t<\/div>\n\t\t\t\t\t<\/div>\n\t\t<\/div>\n\t\t\t\t\t\t\t\t<\/div>\n\t\t\t\t\t<\/div>\n\t\t<\/section>\n\t\t\t\t<section class=\"elementor-section elementor-top-section elementor-element elementor-element-65e47d39 elementor-section-boxed elementor-section-height-default elementor-section-height-default\" data-id=\"65e47d39\" data-element_type=\"section\">\n\t\t\t\t\t\t<div class=\"elementor-container elementor-column-gap-default\">\n\t\t\t\t\t\t\t<div class=\"elementor-row\">\n\t\t\t\t\t<div class=\"elementor-column elementor-col-100 elementor-top-column elementor-element elementor-element-7fe87579\" data-id=\"7fe87579\" data-element_type=\"column\">\n\t\t\t<div class=\"elementor-column-wrap elementor-element-populated\">\n\t\t\t\t\t\t\t<div class=\"elementor-widget-wrap\">\n\t\t\t\t\t\t<div class=\"elementor-element elementor-element-ae23c66 elementor-widget elementor-widget-text-editor\" data-id=\"ae23c66\" data-element_type=\"widget\" data-widget_type=\"text-editor.default\">\n\t\t\t\t<div class=\"elementor-widget-container\">\n\t\t\t\t\t\t\t\t<div class=\"elementor-text-editor elementor-clearfix\">\n\t\t\t\t<p style=\"font-weight: 400;\" class=\" translation-block\">Day 1: Departure at 9.00 am from Pircas Negras Hotel in Villa Uni\u00f3n to Aicu\u00f1a: a little magic town in the mountains located at Coronel Felipe Varela District between Villa Union and Cuesta de Miranda which is part of Talampaya National Park. Upon arrival at Aicu\u00f1a, we\u00b4ll have breakfast at Nelly\u00b4s house, a resident lady who will make us feel at home with her northern warmth.  Later, tour around the town with the Virgen del Rosario panoramic point, learning about local legends and beliefs (medium difficulty hike). We\u00b4ll walk along the vineyards roads and visit the artisian wineries in Aicu\u00f1a and a tasting of delicious local wines. After our walk, we\u00b4ll return to Nelly\u00b4s house to cook with her an exquisite traditional lunch. Later, we\u00b4ll head to the ancestral village pottery workshop where Milagros will be waiting to make us live the experience of making our own ceramic crafts. Return to our hotel in Villa Union to Pircas Negras Hotel at around 6.00 pm.<\/p><p style=\"font-weight: 400;\"><br \/>End of our services.<\/p>\t\t\t\t\t<\/div>\n\t\t\t\t\t\t<\/div>\n\t\t\t\t<\/div>\n\t\t\t\t\t\t<\/div>\n\t\t\t\t\t<\/div>\n\t\t<\/div>\n\t\t\t\t\t\t\t\t<\/div>\n\t\t\t\t\t<\/div>\n\t\t<\/section>\n\t\t\t\t\t\t\t\t\t<\/div>\n\t\t\t<\/div>\n\t\t\t\t\t<\/div>","protected":false},"excerpt":{"rendered":"<p>. <\/p>\n<p class=\"read-more-container\"><a title=\"\u201cLa Rioja: EsenciAr Sustainable Ecotourism Aicu\u00f1a Rural Community Tourism\u201d\" class=\"read-more button\" href=\"https:\/\/esenciar.com.ar\/en\/aicuna-turismo-rural\/#more-456\" aria-label=\"More on La Rioja: EsenciAr Ecoturismo Sustentable Aicu\u00f1a Turismo Rural Comunitario\">See More<\/a><\/p>","protected":false},"author":1,"featured_media":1099,"comment_status":"closed","ping_status":"closed","sticky":false,"template":"","format":"standard","meta":[],"categories":[5,4],"tags":[],"yoast_head":"<!-- This site is optimized with the Yoast SEO plugin v15.3 - https:\/\/yoast.com\/wordpress\/plugins\/seo\/ -->\n<title>La Rioja: EsenciAr Ecoturismo Sustentable Aicu\u00f1a Turismo Rural Comunitario &raquo; EsenciAr<\/title>\n<meta name=\"description\" content=\"Te llevamos a Aicu\u00f1a un hermoso pueblo de La Rioja cuyo trabajo es la vitivinicultura, la elaboraci\u00f3n de exquisitas nueces confitadas y hermosas artesan\u00edas.\" \/>\n<meta name=\"robots\" content=\"index, follow, max-snippet:-1, max-image-preview:large, max-video-preview:-1\" \/>\n<link rel=\"canonical\" href=\"https:\/\/esenciar.com.ar\/en\/aicuna-turismo-rural\/\" \/>\n<meta property=\"og:locale\" content=\"en_GB\" \/>\n<meta property=\"og:type\" content=\"article\" \/>\n<meta property=\"og:title\" content=\"Turismo comunitario Aicu\u00f1a, La Rioja\" \/>\n<meta property=\"og:description\" content=\"Ven\u00ed a vivir una experiencia \u00fanica e un hermoso pueblo de la Rioja, donde elaboran vino, realizan artesan\u00edas y mucho m\u00e1s.\" \/>\n<meta property=\"og:url\" content=\"https:\/\/esenciar.com.ar\/en\/aicuna-turismo-rural\/\" \/>\n<meta property=\"og:site_name\" content=\"EsenciAr\" \/>\n<meta property=\"article:publisher\" content=\"https:\/\/www.facebook.com\/EsenciArTurismo\/\" \/>\n<meta property=\"article:published_time\" content=\"2018-02-27T19:00:00+00:00\" \/>\n<meta property=\"article:modified_time\" content=\"2020-08-03T00:28:45+00:00\" \/>\n<meta property=\"og:image\" content=\"https:\/\/esenciar.com.ar\/wp-content\/uploads\/2020\/01\/foto3-5.jpg\" \/>\n\t<meta property=\"og:image:width\" content=\"1034\" \/>\n\t<meta property=\"og:image:height\" content=\"739\" \/>\n<meta name=\"twitter:card\" content=\"summary_large_image\" \/>\n<meta name=\"twitter:title\" content=\"Turismo comunitario Aicu\u00f1a, La Rioja\" \/>\n<meta name=\"twitter:description\" content=\"Ven\u00ed a vivir una experiencia \u00fanica e un hermoso pueblo de la Rioja, donde elaboran vino, realizan artesan\u00edas y mucho m\u00e1s.\" \/>\n<meta name=\"twitter:image\" content=\"https:\/\/esenciar.com.ar\/wp-content\/uploads\/2020\/01\/foto4-4.jpg\" \/>\n<meta name=\"twitter:label1\" content=\"Written by\">\n\t<meta name=\"twitter:data1\" content=\"mjofre\">\n\t<meta name=\"twitter:label2\" content=\"Estimated reading time\">\n\t<meta name=\"twitter:data2\" content=\"1 minute\">\n<script type=\"application\/ld+json\" class=\"yoast-schema-graph\">{\"@context\":\"https:\/\/schema.org\",\"@graph\":[{\"@type\":\"Organization\",\"@id\":\"https:\/\/esenciar.com.ar\/#organization\",\"name\":\"ESENCIAR\",\"url\":\"https:\/\/esenciar.com.ar\/\",\"sameAs\":[\"https:\/\/www.facebook.com\/EsenciArTurismo\/\",\"https:\/\/www.instagram.com\/esenci_ar\/\"],\"logo\":{\"@type\":\"ImageObject\",\"@id\":\"https:\/\/esenciar.com.ar\/#logo\",\"inLanguage\":\"en-GB\",\"url\":\"https:\/\/esenciar.com.ar\/wp-content\/uploads\/2020\/01\/esenciar_logo-03.svg\",\"caption\":\"ESENCIAR\"},\"image\":{\"@id\":\"https:\/\/esenciar.com.ar\/#logo\"}},{\"@type\":\"WebSite\",\"@id\":\"https:\/\/esenciar.com.ar\/#website\",\"url\":\"https:\/\/esenciar.com.ar\/\",\"name\":\"EsenciAr\",\"description\":\"Turismo gastron\\u00f3mico junto a los pueblos originarios de la Argentina\",\"publisher\":{\"@id\":\"https:\/\/esenciar.com.ar\/#organization\"},\"potentialAction\":[{\"@type\":\"SearchAction\",\"target\":\"https:\/\/esenciar.com.ar\/?s={search_term_string}\",\"query-input\":\"required name=search_term_string\"}],\"inLanguage\":\"en-GB\"},{\"@type\":\"ImageObject\",\"@id\":\"https:\/\/esenciar.com.ar\/aicuna-turismo-rural\/#primaryimage\",\"inLanguage\":\"en-GB\",\"url\":\"https:\/\/esenciar.com.ar\/wp-content\/uploads\/2018\/02\/Sin-t\\u00edtulo-1.png\",\"width\":330,\"height\":330,\"caption\":\"La Rioja, Aicu\\u00f1a Turismo comunitario Rural\"},{\"@type\":\"WebPage\",\"@id\":\"https:\/\/esenciar.com.ar\/aicuna-turismo-rural\/#webpage\",\"url\":\"https:\/\/esenciar.com.ar\/aicuna-turismo-rural\/\",\"name\":\"La Rioja: EsenciAr Ecoturismo Sustentable Aicu\\u00f1a Turismo Rural Comunitario &raquo; EsenciAr\",\"isPartOf\":{\"@id\":\"https:\/\/esenciar.com.ar\/#website\"},\"primaryImageOfPage\":{\"@id\":\"https:\/\/esenciar.com.ar\/aicuna-turismo-rural\/#primaryimage\"},\"datePublished\":\"2018-02-27T19:00:00+00:00\",\"dateModified\":\"2020-08-03T00:28:45+00:00\",\"description\":\"Te llevamos a Aicu\\u00f1a un hermoso pueblo de La Rioja cuyo trabajo es la vitivinicultura, la elaboraci\\u00f3n de exquisitas nueces confitadas y hermosas artesan\\u00edas.\",\"inLanguage\":\"en-GB\",\"potentialAction\":[{\"@type\":\"ReadAction\",\"target\":[\"https:\/\/esenciar.com.ar\/aicuna-turismo-rural\/\"]}]},{\"@type\":\"Article\",\"@id\":\"https:\/\/esenciar.com.ar\/aicuna-turismo-rural\/#article\",\"isPartOf\":{\"@id\":\"https:\/\/esenciar.com.ar\/aicuna-turismo-rural\/#webpage\"},\"author\":{\"@id\":\"https:\/\/esenciar.com.ar\/#\/schema\/person\/12b2a60ae02b766e2e6fb0c2b797f19f\"},\"headline\":\"La Rioja: EsenciAr Ecoturismo Sustentable Aicu\\u00f1a Turismo Rural Comunitario\",\"datePublished\":\"2018-02-27T19:00:00+00:00\",\"dateModified\":\"2020-08-03T00:28:45+00:00\",\"mainEntityOfPage\":{\"@id\":\"https:\/\/esenciar.com.ar\/aicuna-turismo-rural\/#webpage\"},\"publisher\":{\"@id\":\"https:\/\/esenciar.com.ar\/#organization\"},\"image\":{\"@id\":\"https:\/\/esenciar.com.ar\/aicuna-turismo-rural\/#primaryimage\"},\"articleSection\":\"Experiencias,Noroeste\",\"inLanguage\":\"en-GB\"},{\"@type\":\"Person\",\"@id\":\"https:\/\/esenciar.com.ar\/#\/schema\/person\/12b2a60ae02b766e2e6fb0c2b797f19f\",\"name\":\"mjofre\",\"image\":{\"@type\":\"ImageObject\",\"@id\":\"https:\/\/esenciar.com.ar\/#personlogo\",\"inLanguage\":\"en-GB\",\"url\":\"https:\/\/secure.gravatar.com\/avatar\/79bf453efb0e63165d2fa54945047426?s=96&d=mm&r=g\",\"caption\":\"mjofre\"}}]}<\/script>\n<!-- \/ Yoast SEO plugin. -->","_links":{"self":[{"href":"https:\/\/esenciar.com.ar\/en\/wp-json\/wp\/v2\/posts\/456"}],"collection":[{"href":"https:\/\/esenciar.com.ar\/en\/wp-json\/wp\/v2\/posts"}],"about":[{"href":"https:\/\/esenciar.com.ar\/en\/wp-json\/wp\/v2\/types\/post"}],"author":[{"embeddable":true,"href":"https:\/\/esenciar.com.ar\/en\/wp-json\/wp\/v2\/users\/1"}],"replies":[{"embeddable":true,"href":"https:\/\/esenciar.com.ar\/en\/wp-json\/wp\/v2\/comments?post=456"}],"version-history":[{"count":55,"href":"https:\/\/esenciar.com.ar\/en\/wp-json\/wp\/v2\/posts\/456\/revisions"}],"predecessor-version":[{"id":1702,"href":"https:\/\/esenciar.com.ar\/en\/wp-json\/wp\/v2\/posts\/456\/revisions\/1702"}],"wp:featuredmedia":[{"embeddable":true,"href":"https:\/\/esenciar.com.ar\/en\/wp-json\/wp\/v2\/media\/1099"}],"wp:attachment":[{"href":"https:\/\/esenciar.com.ar\/en\/wp-json\/wp\/v2\/media?parent=456"}],"wp:term":[{"taxonomy":"category","embeddable":true,"href":"https:\/\/esenciar.com.ar\/en\/wp-json\/wp\/v2\/categories?post=456"},{"taxonomy":"post_tag","embeddable":true,"href":"https:\/\/esenciar.com.ar\/en\/wp-json\/wp\/v2\/tags?post=456"}],"curies":[{"name":"wp","href":"https:\/\/api.w.org\/{rel}","templated":true}]}}